{"id":4458,"date":"2021-05-17T14:51:46","date_gmt":"2021-05-17T12:51:46","guid":{"rendered":"http:\/\/www.famiglierog.it\/?p=4458"},"modified":"2021-05-17T15:01:08","modified_gmt":"2021-05-17T13:01:08","slug":"ripartenza-fam-rog-atripalda","status":"publish","type":"post","link":"https:\/\/www.famiglierog.it\/?p=4458","title":{"rendered":"Ripartenza fam Rog Atripalda"},"content":{"rendered":"<p>Le famiglie Rogazioniste di Atripalda hanno scelto di ripartire in presenza in modo significativo e lo hanno fatto partecipando domenica scorsa alla santa messa nella chiesa di San Pio ad Alvanite, dove ci ritroveremo domenica prossima 23 maggio alle 16.00 per il nostro incontro mensile.<\/p>\n<p>Questo incontro sar\u00e0 il modo pi\u00f9 bello per rivederci negli occhi, finalmente con calma, anche se con tante precauzioni, partendo dal Vangelo. La nostra ripartenza in presenza sar\u00e0 all&#8217;insegna dell&#8217;Essenziale. Papa Francesco ci ha avvertito giusto un anno fa che &#8220;peggio di questa crisi c\u2019\u00e8 solo il dramma di sprecarla, chiudendoci in noi stessi&#8221;. Non possiamo allora restare uguali. Per attraversare questo momento, \u00abche pu\u00f2 essere letto come un kair\u00f2s per ripensare il passato e avere un disegno nuovo sul futuro\u00bb, occorre trovare il coraggio di innovare, anche nella comunit\u00e0 ecclesiale.<\/p>\n<p>Non possiamo limitarci a rimanere in attesa di vedere se le persone torneranno ai nostri incontri di catechesi, se si adatteranno a strumenti e modi nuovi di comunicazione, ma dobbiamo chiederci come trasformare questa fase cos\u00ec complessa in un\u2019occasione di conversione missionaria della pastorale. Se una lezione possiamo trarre da questa pagina dolorosa della nostra storia, sicuramente va letta all&#8217;insegna di una nuova e pi\u00f9 energica spinta al rinnovamento da parte di tutti i soggetti ecclesiali.<\/p>\n<p>Se abbiamo davvero imparato qualcosa dalla pandemia, allora dobbiamo impegnarci a non sognare pi\u00f9 soltanto, ma a cercare di realizzare una Chiesa che cammina e si rinnova \u00abattraverso un eccezionale risveglio di creativit\u00e0\u00bb, una Chiesa che coltiva l\u2019essenziale, dedicando una cura particolare a una formazione cristiana di grande qualit\u00e0, una Chiesa libera dalla tentazione del contarsi e del contare, consapevole che la condizione di piccolo gregge non diminuisce ma accresce la nostra vocazione cattolica, quella cio\u00e8 di contribuire a \u00abfar rinascere tra tutti un\u2019aspirazione mondiale alla fraternit\u00e0\u00bb.<\/p>\n<p>Abbiamo dedicato quest&#8217;anno, fatto di distanza e assenza di relazioni fisiche, ma anche di incontri on line speciali, ad un cammino di discernimento, al termine del quale insieme stiamo ripensando ad un cambio di strategia pi\u00f9 che di tattica. Noi, come chiesa, sembriamo ancora troppo impegnati a gestire spazi e a organizzare eventi, a volte intrappolati nel tranello dei programmi, delle prestazioni, del perfezionismo. &#8220;Ma dimmi: la fede dov\u2019 \u00e8? Lo Spirito dov\u2019 \u00e8? La docilit\u00e0 allo Spirito \u00e8 rivoluzionaria, perch\u00e9 \u00e8 rivoluzionaria l\u2019 Incarnazione.&#8221;, ha ribadito Papa Francesco ultimamente.<\/p>\n<p>\u00c8 necessario, allora, osare nuove strade: per osare occorre pensare e sognare, ma prima ancora occorre ascoltare ed ascoltarsi. Ecco perch\u00e9 \u00e8 inevitabile camminare insieme, come una grande&#8221; carovana&#8221; umana, come la definisce il nostro Sant&#8217;Annibale, e DIALOGARE. Ecco perch\u00e9 abbiamo scelto di ripartire dalla periferia della nostra citt\u00e0. Ecco perch\u00e9 abbiamo scelto di lavorare al nostro Orto solidale con chi avr\u00e0 voglia di collaborare. Ecco perch\u00e9 abbiamo deciso di creare rete il pi\u00f9 possibile, anche attraverso il Forum provinciale delle associazioni familiari. Ecco perch\u00e9 abbiamo deciso di fare dell&#8217;essenzialit\u00e0 il nostro stile: incontri semplici e concisi, centrati sul Vangelo, ma rivolti alla narrazione di s\u00e9, alla condivisione di esperienze e vissuti, avendo sperimentato in questi mesi di incontri on line quanto desiderio ci fosse in ognuno di noi di essere ascoltato e condividere la propria vita. La vita umana \u00e8 sacra e lo \u00e8 proprio nella sua vulnerabilit\u00e0, nelle sue ferite.<\/p>\n<p>Visitare e accompagnare la storia delle donne e degli uomini \u00e8 il pi\u00f9 grande atto di amore ed \u00e8 il modo pi\u00f9 bello, forse l\u2019unico, per annunciare il Vangelo. La Chiesa, concentrata spesso solo sul piano oggettivo della fede, ha bisogno, in questo momento complicato ancora di pi\u00f9, di una vera immersione nella storia che Dio scrive dentro la carne delle donne e degli uomini di oggi, partendo proprio dalle fragilit\u00e0 di ciascuno. Perch\u00e9 \u00e8 nella fragilit\u00e0 che emerge la nostra vera umanit\u00e0 e il Signore ci abbraccia con pi\u00f9 forza.<\/p>\n","protected":false},"excerpt":{"rendered":"<p>Le famiglie Rogazioniste di Atripalda hanno scelto di ripartire in presenza in modo significativo e lo hanno fatto partecipando domenica scorsa alla santa messa nella chiesa di San Pio ad Alvanite, dove ci ritroveremo domenica prossima 23 maggio alle 16.00 per il nostro incontro mensile. Questo incontro sar\u00e0 il modo pi\u00f9 bello per rivederci negli [&hellip;]<\/p>\n","protected":false},"author":1,"featured_media":4460,"comment_status":"closed","ping_status":"closed","sticky":false,"template":"","format":"standard","meta":{"footnotes":""},"categories":[7,12],"tags":[],"class_list":["post-4458","post","type-post","status-publish","format-standard","has-post-thumbnail","hentry","category-articoli","category-sede-atripalda"],"_links":{"self":[{"href":"https:\/\/www.famiglierog.it\/index.php?rest_route=\/wp\/v2\/posts\/4458","targetHints":{"allow":["GET"]}}],"collection":[{"href":"https:\/\/www.famiglierog.it\/index.php?rest_route=\/wp\/v2\/posts"}],"about":[{"href":"https:\/\/www.famiglierog.it\/index.php?rest_route=\/wp\/v2\/types\/post"}],"author":[{"embeddable":true,"href":"https:\/\/www.famiglierog.it\/index.php?rest_route=\/wp\/v2\/users\/1"}],"replies":[{"embeddable":true,"href":"https:\/\/www.famiglierog.it\/index.php?rest_route=%2Fwp%2Fv2%2Fcomments&post=4458"}],"version-history":[{"count":1,"href":"https:\/\/www.famiglierog.it\/index.php?rest_route=\/wp\/v2\/posts\/4458\/revisions"}],"predecessor-version":[{"id":4459,"href":"https:\/\/www.famiglierog.it\/index.php?rest_route=\/wp\/v2\/posts\/4458\/revisions\/4459"}],"wp:featuredmedia":[{"embeddable":true,"href":"https:\/\/www.famiglierog.it\/index.php?rest_route=\/wp\/v2\/media\/4460"}],"wp:attachment":[{"href":"https:\/\/www.famiglierog.it\/index.php?rest_route=%2Fwp%2Fv2%2Fmedia&parent=4458"}],"wp:term":[{"taxonomy":"category","embeddable":true,"href":"https:\/\/www.famiglierog.it\/index.php?rest_route=%2Fwp%2Fv2%2Fcategories&post=4458"},{"taxonomy":"post_tag","embeddable":true,"href":"https:\/\/www.famiglierog.it\/index.php?rest_route=%2Fwp%2Fv2%2Ftags&post=4458"}],"curies":[{"name":"wp","href":"https:\/\/api.w.org\/{rel}","templated":true}]}}