{"id":2621,"date":"2019-05-29T09:13:22","date_gmt":"2019-05-29T07:13:22","guid":{"rendered":"http:\/\/www.famiglierog.it\/?p=2621"},"modified":"2019-05-29T09:14:03","modified_gmt":"2019-05-29T07:14:03","slug":"ritiro-famiglie-rog-del-19-maggio-2019-in-trani","status":"publish","type":"post","link":"https:\/\/www.famiglierog.it\/?p=2621","title":{"rendered":"Ritiro Famiglie Rog del 19 maggio 2019 in Trani"},"content":{"rendered":"<div class=\"gs\">\n<div class=\"\">\n<div id=\":nj\" class=\"ii gt\">\n<div id=\":ni\" class=\"a3s aXjCH \">\n<div>\n<h5>Ritiro Famiglie Rog del 19 maggio 2019 in Trani<\/h5>\n<h5>Il programma della giornata ha avuto inizio intorno alle ore 10 con la partecipazione alla celebrazione della Santa Messa presso il Santuario Madonna di Fatima delle famiglie di Trani, di Atripalda, e degli ex allievi; a seguire la catechesi di Padre Angelo Sardone avente come tema: l&#8217;Eucaristia all&#8217;origine della fraternit\u00e0. Alle tredici ci si \u00e8 ritrovati nel refettorio dell&#8217;istituto per la condivisione del pranzo, come si usa fare abitualmente la domenica nelle famiglie, nel caso nostro la grande &#8220;Famiglia del Rogate&#8221;.<\/h5>\n<h5>Alle 15,30 si \u00e8 ritornati nella sala video per confrontarsi sugli argomenti trattati da padre Angelo, e ci\u00f2 che alla fine \u00e8 emerso, tra le varie argomentazioni,\u00a0 \u00e8 stato quello di proiettare gli sforzi affinch\u00e8 chiunque voglia &#8220;sposare&#8221; il carisma di San&#8217;Annibale ne entri di diritto a farne parte, ovviamente facendo propri i suoi insegnamenti, abbattendo ogni sorta di &#8220;barriera o divisione&#8221; in gruppi.<\/h5>\n<h5>Ci si \u00e8 infine congedati con l&#8217;invito da parte dei responsabili Angela e Nunzio a ritrovarsi a Paestum il prossimo agosto per il ritiro di cinque giorni. E&#8217; stata una giornata intensa di confronto e condivisione.<\/h5>\n<h5>Anna Gravina<\/h5>\n<\/div>\n<h5 class=\"yj6qo\"><\/h5>\n<div class=\"adL\"><\/div>\n<\/div>\n<\/div>\n<div id=\":mz\" class=\"hq gt a10\">\n<div id=\":qv\"><\/div>\n<\/div>\n<div class=\"hi\"><\/div>\n<\/div>\n<\/div>\n","protected":false},"excerpt":{"rendered":"<p>Ritiro Famiglie Rog del 19 maggio 2019 in Trani Il programma della giornata ha avuto inizio intorno alle ore 10 con la partecipazione alla celebrazione della Santa Messa presso il Santuario Madonna di Fatima delle famiglie di Trani, di Atripalda, e degli ex allievi; a seguire la catechesi di Padre Angelo Sardone avente come tema: [&hellip;]<\/p>\n","protected":false},"author":1,"featured_media":2622,"comment_status":"closed","ping_status":"closed","sticky":false,"template":"","format":"standard","meta":{"footnotes":""},"categories":[7,15],"tags":[],"class_list":["post-2621","post","type-post","status-publish","format-standard","has-post-thumbnail","hentry","category-articoli","category-sede-trani"],"_links":{"self":[{"href":"https:\/\/www.famiglierog.it\/index.php?rest_route=\/wp\/v2\/posts\/2621","targetHints":{"allow":["GET"]}}],"collection":[{"href":"https:\/\/www.famiglierog.it\/index.php?rest_route=\/wp\/v2\/posts"}],"about":[{"href":"https:\/\/www.famiglierog.it\/index.php?rest_route=\/wp\/v2\/types\/post"}],"author":[{"embeddable":true,"href":"https:\/\/www.famiglierog.it\/index.php?rest_route=\/wp\/v2\/users\/1"}],"replies":[{"embeddable":true,"href":"https:\/\/www.famiglierog.it\/index.php?rest_route=%2Fwp%2Fv2%2Fcomments&post=2621"}],"version-history":[{"count":2,"href":"https:\/\/www.famiglierog.it\/index.php?rest_route=\/wp\/v2\/posts\/2621\/revisions"}],"predecessor-version":[{"id":2624,"href":"https:\/\/www.famiglierog.it\/index.php?rest_route=\/wp\/v2\/posts\/2621\/revisions\/2624"}],"wp:featuredmedia":[{"embeddable":true,"href":"https:\/\/www.famiglierog.it\/index.php?rest_route=\/wp\/v2\/media\/2622"}],"wp:attachment":[{"href":"https:\/\/www.famiglierog.it\/index.php?rest_route=%2Fwp%2Fv2%2Fmedia&parent=2621"}],"wp:term":[{"taxonomy":"category","embeddable":true,"href":"https:\/\/www.famiglierog.it\/index.php?rest_route=%2Fwp%2Fv2%2Fcategories&post=2621"},{"taxonomy":"post_tag","embeddable":true,"href":"https:\/\/www.famiglierog.it\/index.php?rest_route=%2Fwp%2Fv2%2Ftags&post=2621"}],"curies":[{"name":"wp","href":"https:\/\/api.w.org\/{rel}","templated":true}]}}