{"id":2494,"date":"2019-05-03T10:18:21","date_gmt":"2019-05-03T08:18:21","guid":{"rendered":"http:\/\/www.famiglierog.it\/?p=2494"},"modified":"2019-05-03T10:22:51","modified_gmt":"2019-05-03T08:22:51","slug":"incontro-mensile-sede-trani-2","status":"publish","type":"post","link":"https:\/\/www.famiglierog.it\/?p=2494","title":{"rendered":"Incontro mensile &#8211; sede Trani"},"content":{"rendered":"<h4>Lo scorso 22 aprile il Gruppo Famiglie di Trani ha avuto il piacere di ritrovarsi, dietro gentile invito di padre Brizio e padre Fabrizio, nonch\u00e9 di tutti i Padri Rogazionisti della nostra comunit\u00e0 di Trani, a condividere una piacevole giornata di fraternit\u00e0, con pietanze\u00a0preparate da ciascuna famiglia e\u00a0grigliata di carne nel cortile dell&#8217;Istituto. Ovviamente non si \u00e8 voluto trascurare il momento della preghiera, con la recita, intorno alle 16, del Santo Rosario. Dopo aver conversato per gran parte del pomeriggio restante su argomenti di vario tipo, ci si \u00e8 congedati con la gioia e\u00a0la promessa di ritrovarsi al pi\u00f9 presto, nel continuare il percorso formativo indicato dal nostro Padre Fondatore.<\/h4>\n<h4><em>\u00a0Anna Gravina<\/em><\/h4>\n<div id='gallery-1' class='gallery galleryid-2494 gallery-columns-3 gallery-size-medium'><figure class='gallery-item'>\n\t\t\t<div class='gallery-icon landscape'>\n\t\t\t\t<a href='https:\/\/www.famiglierog.it\/?attachment_id=2500'><img decoding=\"async\" width=\"300\" height=\"169\" src=\"https:\/\/www.famiglierog.it\/wp-content\/uploads\/2019\/05\/trani03052019_6-300x169.jpg\" class=\"attachment-medium size-medium\" alt=\"\" srcset=\"https:\/\/www.famiglierog.it\/wp-content\/uploads\/2019\/05\/trani03052019_6-300x169.jpg 300w, https:\/\/www.famiglierog.it\/wp-content\/uploads\/2019\/05\/trani03052019_6-768x432.jpg 768w, https:\/\/www.famiglierog.it\/wp-content\/uploads\/2019\/05\/trani03052019_6-1024x576.jpg 1024w, https:\/\/www.famiglierog.it\/wp-content\/uploads\/2019\/05\/trani03052019_6-958x539.jpg 958w, https:\/\/www.famiglierog.it\/wp-content\/uploads\/2019\/05\/trani03052019_6.jpg 1600w\" sizes=\"(max-width: 300px) 100vw, 300px\" \/><\/a>\n\t\t\t<\/div><\/figure><figure class='gallery-item'>\n\t\t\t<div class='gallery-icon landscape'>\n\t\t\t\t<a href='https:\/\/www.famiglierog.it\/?attachment_id=2499'><img decoding=\"async\" width=\"300\" height=\"169\" src=\"https:\/\/www.famiglierog.it\/wp-content\/uploads\/2019\/05\/trani03052019_5-300x169.jpg\" class=\"attachment-medium size-medium\" alt=\"\" srcset=\"https:\/\/www.famiglierog.it\/wp-content\/uploads\/2019\/05\/trani03052019_5-300x169.jpg 300w, https:\/\/www.famiglierog.it\/wp-content\/uploads\/2019\/05\/trani03052019_5-768x432.jpg 768w, https:\/\/www.famiglierog.it\/wp-content\/uploads\/2019\/05\/trani03052019_5-1024x576.jpg 1024w, https:\/\/www.famiglierog.it\/wp-content\/uploads\/2019\/05\/trani03052019_5-958x539.jpg 958w, https:\/\/www.famiglierog.it\/wp-content\/uploads\/2019\/05\/trani03052019_5.jpg 1600w\" sizes=\"(max-width: 300px) 100vw, 300px\" \/><\/a>\n\t\t\t<\/div><\/figure><figure class='gallery-item'>\n\t\t\t<div class='gallery-icon landscape'>\n\t\t\t\t<a href='https:\/\/www.famiglierog.it\/?attachment_id=2497'><img decoding=\"async\" width=\"300\" height=\"169\" src=\"https:\/\/www.famiglierog.it\/wp-content\/uploads\/2019\/05\/trani03052019_3-300x169.jpg\" class=\"attachment-medium size-medium\" alt=\"\" srcset=\"https:\/\/www.famiglierog.it\/wp-content\/uploads\/2019\/05\/trani03052019_3-300x169.jpg 300w, https:\/\/www.famiglierog.it\/wp-content\/uploads\/2019\/05\/trani03052019_3-768x432.jpg 768w, https:\/\/www.famiglierog.it\/wp-content\/uploads\/2019\/05\/trani03052019_3-1024x576.jpg 1024w, https:\/\/www.famiglierog.it\/wp-content\/uploads\/2019\/05\/trani03052019_3-958x539.jpg 958w, https:\/\/www.famiglierog.it\/wp-content\/uploads\/2019\/05\/trani03052019_3.jpg 1600w\" sizes=\"(max-width: 300px) 100vw, 300px\" \/><\/a>\n\t\t\t<\/div><\/figure>\n\t\t<\/div>\n\n","protected":false},"excerpt":{"rendered":"<p>Lo scorso 22 aprile il Gruppo Famiglie di Trani ha avuto il piacere di ritrovarsi, dietro gentile invito di padre Brizio e padre Fabrizio, nonch\u00e9 di tutti i Padri Rogazionisti della nostra comunit\u00e0 di Trani, a condividere una piacevole giornata di fraternit\u00e0, con pietanze\u00a0preparate da ciascuna famiglia e\u00a0grigliata di carne nel cortile dell&#8217;Istituto. Ovviamente non [&hellip;]<\/p>\n","protected":false},"author":1,"featured_media":2498,"comment_status":"closed","ping_status":"closed","sticky":false,"template":"","format":"standard","meta":{"footnotes":""},"categories":[7,15],"tags":[],"class_list":["post-2494","post","type-post","status-publish","format-standard","has-post-thumbnail","hentry","category-articoli","category-sede-trani"],"_links":{"self":[{"href":"https:\/\/www.famiglierog.it\/index.php?rest_route=\/wp\/v2\/posts\/2494","targetHints":{"allow":["GET"]}}],"collection":[{"href":"https:\/\/www.famiglierog.it\/index.php?rest_route=\/wp\/v2\/posts"}],"about":[{"href":"https:\/\/www.famiglierog.it\/index.php?rest_route=\/wp\/v2\/types\/post"}],"author":[{"embeddable":true,"href":"https:\/\/www.famiglierog.it\/index.php?rest_route=\/wp\/v2\/users\/1"}],"replies":[{"embeddable":true,"href":"https:\/\/www.famiglierog.it\/index.php?rest_route=%2Fwp%2Fv2%2Fcomments&post=2494"}],"version-history":[{"count":1,"href":"https:\/\/www.famiglierog.it\/index.php?rest_route=\/wp\/v2\/posts\/2494\/revisions"}],"predecessor-version":[{"id":2501,"href":"https:\/\/www.famiglierog.it\/index.php?rest_route=\/wp\/v2\/posts\/2494\/revisions\/2501"}],"wp:featuredmedia":[{"embeddable":true,"href":"https:\/\/www.famiglierog.it\/index.php?rest_route=\/wp\/v2\/media\/2498"}],"wp:attachment":[{"href":"https:\/\/www.famiglierog.it\/index.php?rest_route=%2Fwp%2Fv2%2Fmedia&parent=2494"}],"wp:term":[{"taxonomy":"category","embeddable":true,"href":"https:\/\/www.famiglierog.it\/index.php?rest_route=%2Fwp%2Fv2%2Fcategories&post=2494"},{"taxonomy":"post_tag","embeddable":true,"href":"https:\/\/www.famiglierog.it\/index.php?rest_route=%2Fwp%2Fv2%2Ftags&post=2494"}],"curies":[{"name":"wp","href":"https:\/\/api.w.org\/{rel}","templated":true}]}}